{"id":649,"date":"2020-07-14T12:14:47","date_gmt":"2020-07-14T12:14:47","guid":{"rendered":"https:\/\/safe-cutting.eu\/?p=649"},"modified":"2020-08-20T10:31:18","modified_gmt":"2020-08-20T10:31:18","slug":"wedo-cera-safeline-safety-cutter-compact-with-ceramic-blades","status":"publish","type":"post","link":"https:\/\/safe-cutting.eu\/fr\/wedo-cera-safeline-safety-cutter-compact-with-ceramic-blades\/","title":{"rendered":"WEDO\u00ae CERA-Safeline\u00ae Safety Cutter COMPACT with ceramic blades"},"content":{"rendered":"<p>Sturdy plastic casing with ceramic blades. The spring-loaded trapezoid blade retracts immediately after the cut (do not hold the slide during cutting).The sturdy ABS plastic casing with suspension eye rests lightly and safely in the hand. By positioning the blade slider on top of the tool, the cutter can be used by both right and left-handers. Size approx.: 14.5 x 1.8 x 3.4 cm, weight approx.: 42 g, color: anthracite\/white. T\u00dcV\/GS approved. Supplied on blister card. Ceramic blades: stay 10x longer sharp than steel; safer than metal blades; rust-free, no oil layer; acid-proof, chemically neutral; spark-free, nonconductive, non-magnetic.<\/p>\n\n\n\n<figure class=\"wp-block-gallery columns-3 is-cropped wp-block-gallery-1\"><ul class=\"blocks-gallery-grid\"><li class=\"blocks-gallery-item\"><figure><img data-recalc-dims=\"1\" loading=\"lazy\" decoding=\"async\" width=\"800\" height=\"450\" src=\"https:\/\/i0.wp.com\/safe-cutting.eu\/wp-content\/uploads\/79_810-03.jpg?resize=800%2C450&#038;ssl=1\" alt=\"\" data-id=\"650\" data-full-url=\"https:\/\/safe-cutting.eu\/wp-content\/uploads\/79_810-03.jpg\" data-link=\"https:\/\/safe-cutting.eu\/wedo-cera-safeline-safety-cutter-compact-with-ceramic-blades\/79_810-03\/\" class=\"wp-image-650\" srcset=\"https:\/\/i0.wp.com\/safe-cutting.eu\/wp-content\/uploads\/79_810-03.jpg?w=800&amp;ssl=1 800w, https:\/\/i0.wp.com\/safe-cutting.eu\/wp-content\/uploads\/79_810-03.jpg?resize=300%2C169&amp;ssl=1 300w, https:\/\/i0.wp.com\/safe-cutting.eu\/wp-content\/uploads\/79_810-03.jpg?resize=768%2C432&amp;ssl=1 768w\" sizes=\"(max-width: 800px) 100vw, 800px\" \/><\/figure><\/li><li class=\"blocks-gallery-item\"><figure><img data-recalc-dims=\"1\" loading=\"lazy\" decoding=\"async\" width=\"800\" height=\"450\" src=\"https:\/\/i0.wp.com\/safe-cutting.eu\/wp-content\/uploads\/79_810-02.jpg?resize=800%2C450&#038;ssl=1\" alt=\"\" data-id=\"653\" data-full-url=\"https:\/\/safe-cutting.eu\/wp-content\/uploads\/79_810-02.jpg\" data-link=\"https:\/\/safe-cutting.eu\/wedo-cera-safeline-safety-cutter-compact-with-ceramic-blades\/79_810-02\/\" class=\"wp-image-653\" srcset=\"https:\/\/i0.wp.com\/safe-cutting.eu\/wp-content\/uploads\/79_810-02.jpg?w=800&amp;ssl=1 800w, https:\/\/i0.wp.com\/safe-cutting.eu\/wp-content\/uploads\/79_810-02.jpg?resize=300%2C169&amp;ssl=1 300w, https:\/\/i0.wp.com\/safe-cutting.eu\/wp-content\/uploads\/79_810-02.jpg?resize=768%2C432&amp;ssl=1 768w\" sizes=\"(max-width: 800px) 100vw, 800px\" \/><\/figure><\/li><li class=\"blocks-gallery-item\"><figure><img data-recalc-dims=\"1\" loading=\"lazy\" decoding=\"async\" width=\"800\" height=\"450\" src=\"https:\/\/i0.wp.com\/safe-cutting.eu\/wp-content\/uploads\/79_810-01.jpg?resize=800%2C450&#038;ssl=1\" alt=\"\" data-id=\"652\" data-full-url=\"https:\/\/safe-cutting.eu\/wp-content\/uploads\/79_810-01.jpg\" data-link=\"https:\/\/safe-cutting.eu\/wedo-cera-safeline-safety-cutter-compact-with-ceramic-blades\/79_810-01\/\" class=\"wp-image-652 is-layout-flex wp-block-gallery-is-layout-flex\" srcset=\"https:\/\/i0.wp.com\/safe-cutting.eu\/wp-content\/uploads\/79_810-01.jpg?w=800&amp;ssl=1 800w, https:\/\/i0.wp.com\/safe-cutting.eu\/wp-content\/uploads\/79_810-01.jpg?resize=300%2C169&amp;ssl=1 300w, https:\/\/i0.wp.com\/safe-cutting.eu\/wp-content\/uploads\/79_810-01.jpg?resize=768%2C432&amp;ssl=1 768w\" sizes=\"(max-width: 800px) 100vw, 800px\" \/><\/figure><\/li><\/ul><\/figure>","protected":false},"excerpt":{"rendered":"<p>Sturdy plastic casing with ceramic blades. The spring-loaded trapezoid blade retracts immediately after the cut (do not hold the slide during cutting).The sturdy ABS plastic casing with suspension eye rests lightly and safely in the hand. By positioning the blade slider on top of the tool, the cutter can be used by both right and [&hellip;]<\/p>\n","protected":false},"author":2,"featured_media":0,"comment_status":"closed","ping_status":"closed","sticky":false,"template":"","format":"standard","meta":{"_acf_changed":false,"advgb_blocks_editor_width":"","advgb_blocks_columns_visual_guide":"","_jetpack_memberships_contains_paid_content":false,"footnotes":""},"categories":[12],"tags":[13,17],"class_list":["post-649","post","type-post","status-publish","format-standard","hentry","category-products","tag-logistics","tag-safety-level"],"acf":[],"yoast_head":"<!-- This site is optimized with the Yoast SEO plugin v27.2 - https:\/\/yoast.com\/product\/yoast-seo-wordpress\/ -->\n<title>WEDO\u00ae CERA-Safeline\u00ae Safety Cutter COMPACT with ceramic blades - SCC Safe Cutting Consultants<\/title>\n<meta name=\"robots\" content=\"index, follow, max-snippet:-1, max-image-preview:large, max-video-preview:-1\" \/>\n<link rel=\"canonical\" href=\"https:\/\/safe-cutting.eu\/fr\/wedo-cera-safeline-safety-cutter-compact-with-ceramic-blades\/\" \/>\n<meta property=\"og:locale\" content=\"fr_FR\" \/>\n<meta property=\"og:type\" content=\"article\" \/>\n<meta property=\"og:title\" content=\"WEDO\u00ae CERA-Safeline\u00ae Safety Cutter COMPACT with ceramic blades - SCC Safe Cutting Consultants\" \/>\n<meta property=\"og:description\" content=\"Sturdy plastic casing with ceramic blades. The spring-loaded trapezoid blade retracts immediately after the cut (do not hold the slide during cutting).The sturdy ABS plastic casing with suspension eye rests lightly and safely in the hand. By positioning the blade slider on top of the tool, the cutter can be used by both right and [&hellip;]\" \/>\n<meta property=\"og:url\" content=\"https:\/\/safe-cutting.eu\/fr\/wedo-cera-safeline-safety-cutter-compact-with-ceramic-blades\/\" \/>\n<meta property=\"og:site_name\" content=\"SCC Safe Cutting Consultants\" \/>\n<meta property=\"article:published_time\" content=\"2020-07-14T12:14:47+00:00\" \/>\n<meta property=\"article:modified_time\" content=\"2020-08-20T10:31:18+00:00\" \/>\n<meta property=\"og:image\" content=\"https:\/\/safe-cutting.eu\/wp-content\/uploads\/79_810-03.jpg\" \/>\n<meta name=\"author\" content=\"Fred Van der Linden\" \/>\n<meta name=\"twitter:card\" content=\"summary_large_image\" \/>\n<meta name=\"twitter:label1\" content=\"\u00c9crit par\" \/>\n\t<meta name=\"twitter:data1\" content=\"Fred Van der Linden\" \/>\n<script type=\"application\/ld+json\" class=\"yoast-schema-graph\">{\"@context\":\"https:\/\/schema.org\",\"@graph\":[{\"@type\":\"Article\",\"@id\":\"https:\/\/safe-cutting.eu\/wedo-cera-safeline-safety-cutter-compact-with-ceramic-blades\/#article\",\"isPartOf\":{\"@id\":\"https:\/\/safe-cutting.eu\/wedo-cera-safeline-safety-cutter-compact-with-ceramic-blades\/\"},\"author\":{\"name\":\"Fred Van der Linden\",\"@id\":\"https:\/\/safe-cutting.eu\/#\/schema\/person\/85edcbcb19d90e44e6e703e5c46c35b9\"},\"headline\":\"WEDO\u00ae CERA-Safeline\u00ae Safety Cutter COMPACT with ceramic blades\",\"datePublished\":\"2020-07-14T12:14:47+00:00\",\"dateModified\":\"2020-08-20T10:31:18+00:00\",\"mainEntityOfPage\":{\"@id\":\"https:\/\/safe-cutting.eu\/wedo-cera-safeline-safety-cutter-compact-with-ceramic-blades\/\"},\"wordCount\":106,\"publisher\":{\"@id\":\"https:\/\/safe-cutting.eu\/#organization\"},\"image\":{\"@id\":\"https:\/\/safe-cutting.eu\/wedo-cera-safeline-safety-cutter-compact-with-ceramic-blades\/#primaryimage\"},\"thumbnailUrl\":\"https:\/\/safe-cutting.eu\/wp-content\/uploads\/79_810-03.jpg\",\"keywords\":[\"Logistics\",\"Safety Level ++\"],\"articleSection\":[\"Products\"],\"inLanguage\":\"fr-BE\"},{\"@type\":\"WebPage\",\"@id\":\"https:\/\/safe-cutting.eu\/wedo-cera-safeline-safety-cutter-compact-with-ceramic-blades\/\",\"url\":\"https:\/\/safe-cutting.eu\/wedo-cera-safeline-safety-cutter-compact-with-ceramic-blades\/\",\"name\":\"WEDO\u00ae CERA-Safeline\u00ae Safety Cutter COMPACT with ceramic blades - SCC Safe Cutting Consultants\",\"isPartOf\":{\"@id\":\"https:\/\/safe-cutting.eu\/#website\"},\"primaryImageOfPage\":{\"@id\":\"https:\/\/safe-cutting.eu\/wedo-cera-safeline-safety-cutter-compact-with-ceramic-blades\/#primaryimage\"},\"image\":{\"@id\":\"https:\/\/safe-cutting.eu\/wedo-cera-safeline-safety-cutter-compact-with-ceramic-blades\/#primaryimage\"},\"thumbnailUrl\":\"https:\/\/safe-cutting.eu\/wp-content\/uploads\/79_810-03.jpg\",\"datePublished\":\"2020-07-14T12:14:47+00:00\",\"dateModified\":\"2020-08-20T10:31:18+00:00\",\"breadcrumb\":{\"@id\":\"https:\/\/safe-cutting.eu\/wedo-cera-safeline-safety-cutter-compact-with-ceramic-blades\/#breadcrumb\"},\"inLanguage\":\"fr-BE\",\"potentialAction\":[{\"@type\":\"ReadAction\",\"target\":[\"https:\/\/safe-cutting.eu\/wedo-cera-safeline-safety-cutter-compact-with-ceramic-blades\/\"]}]},{\"@type\":\"ImageObject\",\"inLanguage\":\"fr-BE\",\"@id\":\"https:\/\/safe-cutting.eu\/wedo-cera-safeline-safety-cutter-compact-with-ceramic-blades\/#primaryimage\",\"url\":\"https:\/\/safe-cutting.eu\/wp-content\/uploads\/79_810-03.jpg\",\"contentUrl\":\"https:\/\/safe-cutting.eu\/wp-content\/uploads\/79_810-03.jpg\"},{\"@type\":\"BreadcrumbList\",\"@id\":\"https:\/\/safe-cutting.eu\/wedo-cera-safeline-safety-cutter-compact-with-ceramic-blades\/#breadcrumb\",\"itemListElement\":[{\"@type\":\"ListItem\",\"position\":1,\"name\":\"Home\",\"item\":\"https:\/\/safe-cutting.eu\/\"},{\"@type\":\"ListItem\",\"position\":2,\"name\":\"WEDO\u00ae CERA-Safeline\u00ae Safety Cutter COMPACT with ceramic blades\"}]},{\"@type\":\"WebSite\",\"@id\":\"https:\/\/safe-cutting.eu\/#website\",\"url\":\"https:\/\/safe-cutting.eu\/\",\"name\":\"SCC Safe Cutting Consultants\",\"description\":\"Safety cutter consulting for professional users.\",\"publisher\":{\"@id\":\"https:\/\/safe-cutting.eu\/#organization\"},\"potentialAction\":[{\"@type\":\"SearchAction\",\"target\":{\"@type\":\"EntryPoint\",\"urlTemplate\":\"https:\/\/safe-cutting.eu\/?s={search_term_string}\"},\"query-input\":{\"@type\":\"PropertyValueSpecification\",\"valueRequired\":true,\"valueName\":\"search_term_string\"}}],\"inLanguage\":\"fr-BE\"},{\"@type\":\"Organization\",\"@id\":\"https:\/\/safe-cutting.eu\/#organization\",\"name\":\"Safe Cutting Consultants, Belgium\",\"url\":\"https:\/\/safe-cutting.eu\/\",\"logo\":{\"@type\":\"ImageObject\",\"inLanguage\":\"fr-BE\",\"@id\":\"https:\/\/safe-cutting.eu\/#\/schema\/logo\/image\/\",\"url\":\"https:\/\/safe-cutting.eu\/wp-content\/uploads\/scc-logo-no-web-v03.svg\",\"contentUrl\":\"https:\/\/safe-cutting.eu\/wp-content\/uploads\/scc-logo-no-web-v03.svg\",\"width\":300,\"height\":100,\"caption\":\"Safe Cutting Consultants, Belgium\"},\"image\":{\"@id\":\"https:\/\/safe-cutting.eu\/#\/schema\/logo\/image\/\"}},{\"@type\":\"Person\",\"@id\":\"https:\/\/safe-cutting.eu\/#\/schema\/person\/85edcbcb19d90e44e6e703e5c46c35b9\",\"name\":\"Fred Van der Linden\",\"image\":{\"@type\":\"ImageObject\",\"inLanguage\":\"fr-BE\",\"@id\":\"https:\/\/secure.gravatar.com\/avatar\/5bd93d393171f0f232336663c56b6bae5c98f7f675945f5afcf33148040197c1?s=96&d=mm&r=g\",\"url\":\"https:\/\/secure.gravatar.com\/avatar\/5bd93d393171f0f232336663c56b6bae5c98f7f675945f5afcf33148040197c1?s=96&d=mm&r=g\",\"contentUrl\":\"https:\/\/secure.gravatar.com\/avatar\/5bd93d393171f0f232336663c56b6bae5c98f7f675945f5afcf33148040197c1?s=96&d=mm&r=g\",\"caption\":\"Fred Van der Linden\"}}]}<\/script>\n<!-- \/ Yoast SEO plugin. -->","yoast_head_json":{"title":"WEDO\u00ae CERA-Safeline\u00ae Safety Cutter COMPACT with ceramic blades - SCC Safe Cutting Consultants","robots":{"index":"index","follow":"follow","max-snippet":"max-snippet:-1","max-image-preview":"max-image-preview:large","max-video-preview":"max-video-preview:-1"},"canonical":"https:\/\/safe-cutting.eu\/fr\/wedo-cera-safeline-safety-cutter-compact-with-ceramic-blades\/","og_locale":"fr_FR","og_type":"article","og_title":"WEDO\u00ae CERA-Safeline\u00ae Safety Cutter COMPACT with ceramic blades - SCC Safe Cutting Consultants","og_description":"Sturdy plastic casing with ceramic blades. The spring-loaded trapezoid blade retracts immediately after the cut (do not hold the slide during cutting).The sturdy ABS plastic casing with suspension eye rests lightly and safely in the hand. By positioning the blade slider on top of the tool, the cutter can be used by both right and [&hellip;]","og_url":"https:\/\/safe-cutting.eu\/fr\/wedo-cera-safeline-safety-cutter-compact-with-ceramic-blades\/","og_site_name":"SCC Safe Cutting Consultants","article_published_time":"2020-07-14T12:14:47+00:00","article_modified_time":"2020-08-20T10:31:18+00:00","og_image":[{"url":"https:\/\/safe-cutting.eu\/wp-content\/uploads\/79_810-03.jpg","type":"","width":"","height":""}],"author":"Fred Van der Linden","twitter_card":"summary_large_image","twitter_misc":{"\u00c9crit par":"Fred Van der Linden"},"schema":{"@context":"https:\/\/schema.org","@graph":[{"@type":"Article","@id":"https:\/\/safe-cutting.eu\/wedo-cera-safeline-safety-cutter-compact-with-ceramic-blades\/#article","isPartOf":{"@id":"https:\/\/safe-cutting.eu\/wedo-cera-safeline-safety-cutter-compact-with-ceramic-blades\/"},"author":{"name":"Fred Van der Linden","@id":"https:\/\/safe-cutting.eu\/#\/schema\/person\/85edcbcb19d90e44e6e703e5c46c35b9"},"headline":"WEDO\u00ae CERA-Safeline\u00ae Safety Cutter COMPACT with ceramic blades","datePublished":"2020-07-14T12:14:47+00:00","dateModified":"2020-08-20T10:31:18+00:00","mainEntityOfPage":{"@id":"https:\/\/safe-cutting.eu\/wedo-cera-safeline-safety-cutter-compact-with-ceramic-blades\/"},"wordCount":106,"publisher":{"@id":"https:\/\/safe-cutting.eu\/#organization"},"image":{"@id":"https:\/\/safe-cutting.eu\/wedo-cera-safeline-safety-cutter-compact-with-ceramic-blades\/#primaryimage"},"thumbnailUrl":"https:\/\/safe-cutting.eu\/wp-content\/uploads\/79_810-03.jpg","keywords":["Logistics","Safety Level ++"],"articleSection":["Products"],"inLanguage":"fr-BE"},{"@type":"WebPage","@id":"https:\/\/safe-cutting.eu\/wedo-cera-safeline-safety-cutter-compact-with-ceramic-blades\/","url":"https:\/\/safe-cutting.eu\/wedo-cera-safeline-safety-cutter-compact-with-ceramic-blades\/","name":"WEDO\u00ae CERA-Safeline\u00ae Safety Cutter COMPACT with ceramic blades - SCC Safe Cutting Consultants","isPartOf":{"@id":"https:\/\/safe-cutting.eu\/#website"},"primaryImageOfPage":{"@id":"https:\/\/safe-cutting.eu\/wedo-cera-safeline-safety-cutter-compact-with-ceramic-blades\/#primaryimage"},"image":{"@id":"https:\/\/safe-cutting.eu\/wedo-cera-safeline-safety-cutter-compact-with-ceramic-blades\/#primaryimage"},"thumbnailUrl":"https:\/\/safe-cutting.eu\/wp-content\/uploads\/79_810-03.jpg","datePublished":"2020-07-14T12:14:47+00:00","dateModified":"2020-08-20T10:31:18+00:00","breadcrumb":{"@id":"https:\/\/safe-cutting.eu\/wedo-cera-safeline-safety-cutter-compact-with-ceramic-blades\/#breadcrumb"},"inLanguage":"fr-BE","potentialAction":[{"@type":"ReadAction","target":["https:\/\/safe-cutting.eu\/wedo-cera-safeline-safety-cutter-compact-with-ceramic-blades\/"]}]},{"@type":"ImageObject","inLanguage":"fr-BE","@id":"https:\/\/safe-cutting.eu\/wedo-cera-safeline-safety-cutter-compact-with-ceramic-blades\/#primaryimage","url":"https:\/\/safe-cutting.eu\/wp-content\/uploads\/79_810-03.jpg","contentUrl":"https:\/\/safe-cutting.eu\/wp-content\/uploads\/79_810-03.jpg"},{"@type":"BreadcrumbList","@id":"https:\/\/safe-cutting.eu\/wedo-cera-safeline-safety-cutter-compact-with-ceramic-blades\/#breadcrumb","itemListElement":[{"@type":"ListItem","position":1,"name":"Home","item":"https:\/\/safe-cutting.eu\/"},{"@type":"ListItem","position":2,"name":"WEDO\u00ae CERA-Safeline\u00ae Safety Cutter COMPACT with ceramic blades"}]},{"@type":"WebSite","@id":"https:\/\/safe-cutting.eu\/#website","url":"https:\/\/safe-cutting.eu\/","name":"SCC Safe Cutting Consultants","description":"Safety cutter consulting for professional users.","publisher":{"@id":"https:\/\/safe-cutting.eu\/#organization"},"potentialAction":[{"@type":"SearchAction","target":{"@type":"EntryPoint","urlTemplate":"https:\/\/safe-cutting.eu\/?s={search_term_string}"},"query-input":{"@type":"PropertyValueSpecification","valueRequired":true,"valueName":"search_term_string"}}],"inLanguage":"fr-BE"},{"@type":"Organization","@id":"https:\/\/safe-cutting.eu\/#organization","name":"Safe Cutting Consultants, Belgium","url":"https:\/\/safe-cutting.eu\/","logo":{"@type":"ImageObject","inLanguage":"fr-BE","@id":"https:\/\/safe-cutting.eu\/#\/schema\/logo\/image\/","url":"https:\/\/safe-cutting.eu\/wp-content\/uploads\/scc-logo-no-web-v03.svg","contentUrl":"https:\/\/safe-cutting.eu\/wp-content\/uploads\/scc-logo-no-web-v03.svg","width":300,"height":100,"caption":"Safe Cutting Consultants, Belgium"},"image":{"@id":"https:\/\/safe-cutting.eu\/#\/schema\/logo\/image\/"}},{"@type":"Person","@id":"https:\/\/safe-cutting.eu\/#\/schema\/person\/85edcbcb19d90e44e6e703e5c46c35b9","name":"Fred Van der Linden","image":{"@type":"ImageObject","inLanguage":"fr-BE","@id":"https:\/\/secure.gravatar.com\/avatar\/5bd93d393171f0f232336663c56b6bae5c98f7f675945f5afcf33148040197c1?s=96&d=mm&r=g","url":"https:\/\/secure.gravatar.com\/avatar\/5bd93d393171f0f232336663c56b6bae5c98f7f675945f5afcf33148040197c1?s=96&d=mm&r=g","contentUrl":"https:\/\/secure.gravatar.com\/avatar\/5bd93d393171f0f232336663c56b6bae5c98f7f675945f5afcf33148040197c1?s=96&d=mm&r=g","caption":"Fred Van der Linden"}}]}},"author_meta":{"display_name":"Fred Van der Linden","author_link":"https:\/\/safe-cutting.eu\/fr\/author\/fred\/"},"featured_img":null,"jetpack_featured_media_url":"","coauthors":[],"tax_additional":{"categories":{"linked":["<a href=\"https:\/\/safe-cutting.eu\/fr\/category\/products\/\" class=\"advgb-post-tax-term\">Products<\/a>"],"unlinked":["<span class=\"advgb-post-tax-term\">Products<\/span>"]},"tags":{"linked":["<a href=\"https:\/\/safe-cutting.eu\/fr\/category\/products\/\" class=\"advgb-post-tax-term\">Logistics<\/a>","<a href=\"https:\/\/safe-cutting.eu\/fr\/category\/products\/\" class=\"advgb-post-tax-term\">Safety Level ++<\/a>"],"unlinked":["<span class=\"advgb-post-tax-term\">Logistics<\/span>","<span class=\"advgb-post-tax-term\">Safety Level ++<\/span>"]}},"comment_count":"0","relative_dates":{"created":"Posted 6 ann\u00e9es ago","modified":"Updated 6 ann\u00e9es ago"},"absolute_dates":{"created":"Posted on 14 juillet, 2020","modified":"Updated on 20 ao\u00fbt, 2020"},"absolute_dates_time":{"created":"Posted on 14 juillet, 2020 12:14","modified":"Updated on 20 ao\u00fbt, 2020 10:31"},"featured_img_caption":"","series_order":"","jetpack_sharing_enabled":true,"_links":{"self":[{"href":"https:\/\/safe-cutting.eu\/fr\/wp-json\/wp\/v2\/posts\/649","targetHints":{"allow":["GET"]}}],"collection":[{"href":"https:\/\/safe-cutting.eu\/fr\/wp-json\/wp\/v2\/posts"}],"about":[{"href":"https:\/\/safe-cutting.eu\/fr\/wp-json\/wp\/v2\/types\/post"}],"author":[{"embeddable":true,"href":"https:\/\/safe-cutting.eu\/fr\/wp-json\/wp\/v2\/users\/2"}],"replies":[{"embeddable":true,"href":"https:\/\/safe-cutting.eu\/fr\/wp-json\/wp\/v2\/comments?post=649"}],"version-history":[{"count":3,"href":"https:\/\/safe-cutting.eu\/fr\/wp-json\/wp\/v2\/posts\/649\/revisions"}],"predecessor-version":[{"id":707,"href":"https:\/\/safe-cutting.eu\/fr\/wp-json\/wp\/v2\/posts\/649\/revisions\/707"}],"wp:attachment":[{"href":"https:\/\/safe-cutting.eu\/fr\/wp-json\/wp\/v2\/media?parent=649"}],"wp:term":[{"taxonomy":"category","embeddable":true,"href":"https:\/\/safe-cutting.eu\/fr\/wp-json\/wp\/v2\/categories?post=649"},{"taxonomy":"post_tag","embeddable":true,"href":"https:\/\/safe-cutting.eu\/fr\/wp-json\/wp\/v2\/tags?post=649"}],"curies":[{"name":"wp","href":"https:\/\/api.w.org\/{rel}","templated":true}]}}